{"id":556,"date":"2020-04-02T18:20:00","date_gmt":"2020-04-02T18:20:00","guid":{"rendered":"https:\/\/www.salvaria.pt\/?p=556"},"modified":"2024-04-15T14:54:53","modified_gmt":"2024-04-15T14:54:53","slug":"remodelacao-de-apartamento-lisboa","status":"publish","type":"post","link":"https:\/\/www.salvaria.pt\/?p=556","title":{"rendered":"Remodela\u00e7\u00e3o de apartamento, Lisboa"},"content":{"rendered":"\t\t<div data-elementor-type=\"wp-post\" data-elementor-id=\"556\" class=\"elementor elementor-556\" data-elementor-settings=\"[]\">\n\t\t\t\t\t\t<div class=\"elementor-inner\">\n\t\t\t\t\t\t\t<div class=\"elementor-section-wrap\">\n\t\t\t\t\t\t\t<section class=\"elementor-section elementor-top-section elementor-element elementor-element-c7ed25a elementor-section-stretched elementor-section-boxed elementor-section-height-default elementor-section-height-default\" data-id=\"c7ed25a\" data-element_type=\"section\" data-settings=\"{&quot;stretch_section&quot;:&quot;section-stretched&quot;}\">\n\t\t\t\t\t\t<div class=\"elementor-container elementor-column-gap-default\">\n\t\t\t\t\t\t\t<div class=\"elementor-row\">\n\t\t\t\t\t<div class=\"elementor-column elementor-col-100 elementor-top-column elementor-element elementor-element-665719df\" data-id=\"665719df\" data-element_type=\"column\">\n\t\t\t<div class=\"elementor-column-wrap elementor-element-populated\">\n\t\t\t\t\t\t\t<div class=\"elementor-widget-wrap\">\n\t\t\t\t\t\t<div class=\"elementor-element elementor-element-2239deeb elementor-arrows-position-inside elementor-pagination-position-outside elementor-widget elementor-widget-image-carousel\" data-id=\"2239deeb\" data-element_type=\"widget\" data-settings=\"{&quot;slides_to_show&quot;:&quot;3&quot;,&quot;slides_to_show_mobile&quot;:&quot;1&quot;,&quot;slides_to_scroll&quot;:&quot;1&quot;,&quot;navigation&quot;:&quot;both&quot;,&quot;autoplay&quot;:&quot;yes&quot;,&quot;pause_on_hover&quot;:&quot;yes&quot;,&quot;pause_on_interaction&quot;:&quot;yes&quot;,&quot;autoplay_speed&quot;:5000,&quot;infinite&quot;:&quot;yes&quot;,&quot;speed&quot;:500}\" data-widget_type=\"image-carousel.default\">\n\t\t\t\t<div class=\"elementor-widget-container\">\n\t\t\t\t\t<div class=\"elementor-image-carousel-wrapper swiper-container\" dir=\"ltr\">\n\t\t\t<div class=\"elementor-image-carousel swiper-wrapper swiper-image-stretch\">\n\t\t\t\t<div class=\"swiper-slide\"><a data-elementor-open-lightbox=\"yes\" data-elementor-lightbox-slideshow=\"2239deeb\" data-elementor-lightbox-title=\"Edificio Rua das Barracas_4\" href=\"https:\/\/www.salvaria.pt\/wp-content\/uploads\/2020\/04\/Edificio-Rua-das-Barracas_4.jpg\"><figure class=\"swiper-slide-inner\"><img class=\"swiper-slide-image\" src=\"https:\/\/www.salvaria.pt\/wp-content\/uploads\/elementor\/thumbs\/Edificio-Rua-das-Barracas_4-oohjyulftcu0k2s2mkl59ozzxvjfkistftsjd25cbk.jpg\" alt=\"Edificio Rua das Barracas_4\" \/><\/figure><\/a><\/div><div class=\"swiper-slide\"><a data-elementor-open-lightbox=\"yes\" data-elementor-lightbox-slideshow=\"2239deeb\" data-elementor-lightbox-title=\"Edificio Rua das Barracas_3\" href=\"https:\/\/www.salvaria.pt\/wp-content\/uploads\/2020\/04\/Edificio-Rua-das-Barracas_3.jpg\"><figure class=\"swiper-slide-inner\"><img class=\"swiper-slide-image\" src=\"https:\/\/www.salvaria.pt\/wp-content\/uploads\/elementor\/thumbs\/Edificio-Rua-das-Barracas_3-oohjysprforfwuusxjrw4ph2r3sp54lcrkhkei84o0.jpg\" alt=\"Edificio Rua das Barracas_3\" \/><\/figure><\/a><\/div><div class=\"swiper-slide\"><a data-elementor-open-lightbox=\"yes\" data-elementor-lightbox-slideshow=\"2239deeb\" data-elementor-lightbox-title=\"Edificio Rua das Barracas_2\" href=\"https:\/\/www.salvaria.pt\/wp-content\/uploads\/2020\/04\/Edificio-Rua-das-Barracas_2.jpg\"><figure class=\"swiper-slide-inner\"><img class=\"swiper-slide-image\" src=\"https:\/\/www.salvaria.pt\/wp-content\/uploads\/elementor\/thumbs\/Edificio-Rua-das-Barracas_2-oohjysprforfwuusxjrw4ph2r3sp54lcrkhkei84o0.jpg\" alt=\"Edificio Rua das Barracas_2\" \/><\/figure><\/a><\/div><div class=\"swiper-slide\"><a data-elementor-open-lightbox=\"yes\" data-elementor-lightbox-slideshow=\"2239deeb\" data-elementor-lightbox-title=\"Edificio Rua das Barracas_1\" href=\"https:\/\/www.salvaria.pt\/wp-content\/uploads\/2020\/04\/Edificio-Rua-das-Barracas_1-2.jpg\"><figure class=\"swiper-slide-inner\"><img class=\"swiper-slide-image\" src=\"https:\/\/www.salvaria.pt\/wp-content\/uploads\/elementor\/thumbs\/Edificio-Rua-das-Barracas_1-2-oohjyoyeocmamf09ji5duqf8dkb8ac6ff1vmhedpcw.jpg\" alt=\"Edificio Rua das Barracas_1\" \/><\/figure><\/a><\/div>\t\t\t<\/div>\n\t\t\t\t\t\t\t\t\t\t\t\t<div class=\"swiper-pagination\"><\/div>\n\t\t\t\t\t\t\t\t\t\t\t\t\t<div class=\"elementor-swiper-button elementor-swiper-button-prev\">\n\t\t\t\t\t\t<i class=\"eicon-chevron-left\" aria-hidden=\"true\"><\/i>\n\t\t\t\t\t\t<span class=\"elementor-screen-only\">Previous<\/span>\n\t\t\t\t\t<\/div>\n\t\t\t\t\t<div class=\"elementor-swiper-button elementor-swiper-button-next\">\n\t\t\t\t\t\t<i class=\"eicon-chevron-right\" aria-hidden=\"true\"><\/i>\n\t\t\t\t\t\t<span class=\"elementor-screen-only\">Next<\/span>\n\t\t\t\t\t<\/div>\n\t\t\t\t\t\t\t\t\t<\/div>\n\t\t\t\t<\/div>\n\t\t\t\t<\/div>\n\t\t\t\t<section class=\"elementor-section elementor-inner-section elementor-element elementor-element-b77ace1 elementor-section-boxed elementor-section-height-default elementor-section-height-default\" data-id=\"b77ace1\" data-element_type=\"section\">\n\t\t\t\t\t\t<div class=\"elementor-container elementor-column-gap-default\">\n\t\t\t\t\t\t\t<div class=\"elementor-row\">\n\t\t\t\t\t<div class=\"elementor-column elementor-col-50 elementor-inner-column elementor-element elementor-element-a5b43bc\" data-id=\"a5b43bc\" data-element_type=\"column\">\n\t\t\t<div class=\"elementor-column-wrap elementor-element-populated\">\n\t\t\t\t\t\t\t<div class=\"elementor-widget-wrap\">\n\t\t\t\t\t\t<div class=\"elementor-element elementor-element-d2807d8 elementor-widget-divider--view-line elementor-widget elementor-widget-divider\" data-id=\"d2807d8\" data-element_type=\"widget\" data-widget_type=\"divider.default\">\n\t\t\t\t<div class=\"elementor-widget-container\">\n\t\t\t\t\t<div class=\"elementor-divider\">\n\t\t\t<span class=\"elementor-divider-separator\">\n\t\t\t\t\t\t<\/span>\n\t\t<\/div>\n\t\t\t\t<\/div>\n\t\t\t\t<\/div>\n\t\t\t\t<div class=\"elementor-element elementor-element-4b7f17f8 elementor-widget elementor-widget-heading\" data-id=\"4b7f17f8\" data-element_type=\"widget\" data-widget_type=\"heading.default\">\n\t\t\t\t<div class=\"elementor-widget-container\">\n\t\t\t<h2 class=\"elementor-heading-title elementor-size-default\">Remodela\u00e7\u00e3o de apartamento, Lisboa<\/h2>\t\t<\/div>\n\t\t\t\t<\/div>\n\t\t\t\t<div class=\"elementor-element elementor-element-a0da88f elementor-widget-divider--view-line elementor-widget elementor-widget-divider\" data-id=\"a0da88f\" data-element_type=\"widget\" data-widget_type=\"divider.default\">\n\t\t\t\t<div class=\"elementor-widget-container\">\n\t\t\t\t\t<div class=\"elementor-divider\">\n\t\t\t<span class=\"elementor-divider-separator\">\n\t\t\t\t\t\t<\/span>\n\t\t<\/div>\n\t\t\t\t<\/div>\n\t\t\t\t<\/div>\n\t\t\t\t\t\t<\/div>\n\t\t\t\t\t<\/div>\n\t\t<\/div>\n\t\t\t\t<div class=\"elementor-column elementor-col-50 elementor-inner-column elementor-element elementor-element-4b898dc\" data-id=\"4b898dc\" data-element_type=\"column\">\n\t\t\t<div class=\"elementor-column-wrap elementor-element-populated\">\n\t\t\t\t\t\t\t<div class=\"elementor-widget-wrap\">\n\t\t\t\t\t\t<div class=\"elementor-element elementor-element-fa7bea2 elementor-icon-list--layout-traditional elementor-list-item-link-full_width elementor-widget elementor-widget-icon-list\" data-id=\"fa7bea2\" data-element_type=\"widget\" data-widget_type=\"icon-list.default\">\n\t\t\t\t<div class=\"elementor-widget-container\">\n\t\t\t\t\t<ul class=\"elementor-icon-list-items\">\n\t\t\t\t\t\t\t<li class=\"elementor-icon-list-item\">\n\t\t\t\t\t\t\t\t\t\t\t<span class=\"elementor-icon-list-icon\">\n\t\t\t\t\t\t\t<i aria-hidden=\"true\" class=\"fas fa-project-diagram\"><\/i>\t\t\t\t\t\t<\/span>\n\t\t\t\t\t\t\t\t\t\t<span class=\"elementor-icon-list-text\"><b>Constru\u00e7\u00e3o:<\/b> SALVARIA<\/span>\n\t\t\t\t\t\t\t\t\t<\/li>\n\t\t\t\t\t\t\t\t<li class=\"elementor-icon-list-item\">\n\t\t\t\t\t<a href=\"https:\/\/ga-s2.com\/\" target=\"_blank\">\t\t\t\t\t\t<span class=\"elementor-icon-list-icon\">\n\t\t\t\t\t\t\t<i aria-hidden=\"true\" class=\"fas fa-border-style\"><\/i>\t\t\t\t\t\t<\/span>\n\t\t\t\t\t\t\t\t\t\t<span class=\"elementor-icon-list-text\"><b>Projecto:<\/b> GA-S2 Arquitectos | ga-s2.com<\/span>\n\t\t\t\t\t\t\t\t\t\t\t<\/a>\n\t\t\t\t\t\t\t\t\t<\/li>\n\t\t\t\t\t\t\t\t<li class=\"elementor-icon-list-item\">\n\t\t\t\t\t\t\t\t\t\t\t<span class=\"elementor-icon-list-icon\">\n\t\t\t\t\t\t\t<i aria-hidden=\"true\" class=\"fas fa-camera\"><\/i>\t\t\t\t\t\t<\/span>\n\t\t\t\t\t\t\t\t\t\t<span class=\"elementor-icon-list-text\"><b>Fotos:<\/b> _<\/span>\n\t\t\t\t\t\t\t\t\t<\/li>\n\t\t\t\t\t\t<\/ul>\n\t\t\t\t<\/div>\n\t\t\t\t<\/div>\n\t\t\t\t\t\t<\/div>\n\t\t\t\t\t<\/div>\n\t\t<\/div>\n\t\t\t\t\t\t\t\t<\/div>\n\t\t\t\t\t<\/div>\n\t\t<\/section>\n\t\t\t\t\t\t<\/div>\n\t\t\t\t\t<\/div>\n\t\t<\/div>\n\t\t\t\t\t\t\t\t<\/div>\n\t\t\t\t\t<\/div>\n\t\t<\/section>\n\t\t\t\t<section class=\"elementor-section elementor-top-section elementor-element elementor-element-34172b2 elementor-section-boxed elementor-section-height-default elementor-section-height-default\" data-id=\"34172b2\" data-element_type=\"section\">\n\t\t\t\t\t\t<div class=\"elementor-container elementor-column-gap-default\">\n\t\t\t\t\t\t\t<div class=\"elementor-row\">\n\t\t\t\t\t<div class=\"elementor-column elementor-col-100 elementor-top-column elementor-element elementor-element-30dc939\" data-id=\"30dc939\" data-element_type=\"column\">\n\t\t\t<div class=\"elementor-column-wrap elementor-element-populated\">\n\t\t\t\t\t\t\t<div class=\"elementor-widget-wrap\">\n\t\t\t\t\t\t<div class=\"elementor-element elementor-element-f4111be elementor-widget elementor-widget-ucaddon_square_post_grid_image_overlay\" data-id=\"f4111be\" data-element_type=\"widget\" data-widget_type=\"ucaddon_square_post_grid_image_overlay.default\">\n\t\t\t\t<div class=\"elementor-widget-container\">\n\t\t\t<!-- start Square Post Grid Image Overlay -->\n\t\t\t<style type=\"text\/css\">\/* widget: Square Post Grid Image Overlay *\/\n\n#uc_square_post_grid_image_overlay_elementor12598 {\n  display: grid;\n  grid-template-columns: repeat(4, 1fr);\n  grid-gap: 5px;\n}\n#uc_square_post_grid_image_overlay_elementor12598 div.postGridItem{\n  background-color: #000000;\n  position:relative;\n  overflow:hidden;\n}\n\n#uc_square_post_grid_image_overlay_elementor12598 div.postGridItem .postGridImageOverlay\n{\n  position:absolute;\n  top:0px;\n  left:0px;\n  right:0px;\n  bottom:0px;\n  background-size:cover;\n  background-position:center;\n  transition:1s;\n  opacity:0.5;\n}\n\n#uc_square_post_grid_image_overlay_elementor12598 div.postGridItem:hover .postGridImageOverlay\n{\n  transform: scale(1.1,1.1);\n  opacity:0.9;\n}\n\n\n\n\n#uc_square_post_grid_image_overlay_elementor12598 div.postGridItem::before {\n  content: \"\";\n  padding-bottom: 100%;\n  display: inline-block;\n  vertical-align: top;\n}\n\n#uc_square_post_grid_image_overlay_elementor12598 div.postGridItem .postGridContent\n{\n  position:absolute;\n  top:0px;\n  left:30px;\n  right:30px;\n  bottom:0px;\n  text-align:center;\n  display:flex;\n  align-items:center;\n  justify-content:center;\n  flex-direction:column;\n  color:white;\n}\n\n#uc_square_post_grid_image_overlay_elementor12598 div.postGridItem .postGridContent .postGridTitle\n{\n  font-size:36px;\n  margin-bottom:10px;\n}\n\n#uc_square_post_grid_image_overlay_elementor12598 div.postGridItem .postGridContent .postGridDescription\n{\n  font-size:18px;\n}\n\n#uc_square_post_grid_image_overlay_elementor12598 div.postGridItem .postGridContent .postGridButton\n{\n  display:inline-block;\n  padding:10px 30px;\n  color:white;\n  border:1px solid white;\n  text-decoration:none;\n  margin-top:20px;\n}\n\n\n\n@media (max-width:768px)\n{\n  #uc_square_post_grid_image_overlay_elementor12598 {\n  grid-template-columns: repeat(3, 1fr);\n  }\n}\n\n@media (max-width:420px)\n{\n  #uc_square_post_grid_image_overlay_elementor12598 {\n  grid-template-columns: repeat(2, 1fr);\n  }\n}\n\n<\/style>\n\n\t\t\t<div  id=\"uc_square_post_grid_image_overlay_elementor12598\">\n  <div class=\"postGridItem\">\n    <div class=\"postGridImageOverlay\" style=\"background-image:url(https:\/\/www.salvaria.pt\/wp-content\/uploads\/2022\/01\/RuaArsenal_02.jpg)\"><\/div>\n    \n    <div class=\"postGridContent\">\n      \n      \t\n      \n            \n      \t     <a href=\"https:\/\/www.salvaria.pt\/?p=924\" class=\"postGridButton\"><span  class=\"uc_style_square_post_grid_image_overlay_elementor_button_text\" >Ver Obra<\/span><\/a> \n      \t\n\n    <\/div>\n    \n  <\/div>\n<div class=\"postGridItem\">\n    <div class=\"postGridImageOverlay\" style=\"background-image:url(https:\/\/www.salvaria.pt\/wp-content\/uploads\/2022\/01\/RNovaCarvalho_019.jpg)\"><\/div>\n    \n    <div class=\"postGridContent\">\n      \n      \t\n      \n            \n      \t     <a href=\"https:\/\/www.salvaria.pt\/?p=890\" class=\"postGridButton\"><span  class=\"uc_style_square_post_grid_image_overlay_elementor_button_text\" >Ver Obra<\/span><\/a> \n      \t\n\n    <\/div>\n    \n  <\/div>\n<div class=\"postGridItem\">\n    <div class=\"postGridImageOverlay\" style=\"background-image:url(https:\/\/www.salvaria.pt\/wp-content\/uploads\/2022\/01\/StaQuiteria_Edit08.jpg)\"><\/div>\n    \n    <div class=\"postGridContent\">\n      \n      \t\n      \n            \n      \t     <a href=\"https:\/\/www.salvaria.pt\/?p=832\" class=\"postGridButton\"><span  class=\"uc_style_square_post_grid_image_overlay_elementor_button_text\" >Ver Obra<\/span><\/a> \n      \t\n\n    <\/div>\n    \n  <\/div>\n<div class=\"postGridItem\">\n    <div class=\"postGridImageOverlay\" style=\"background-image:url(https:\/\/www.salvaria.pt\/wp-content\/uploads\/2020\/04\/Apartamento-Rato_4-1.jpg)\"><\/div>\n    \n    <div class=\"postGridContent\">\n      \n      \t\n      \n            \n      \t     <a href=\"https:\/\/www.salvaria.pt\/?p=271\" class=\"postGridButton\"><span  class=\"uc_style_square_post_grid_image_overlay_elementor_button_text\" >Ver Obra<\/span><\/a> \n      \t\n\n    <\/div>\n    \n  <\/div>\n<div class=\"postGridItem\">\n    <div class=\"postGridImageOverlay\" style=\"background-image:url(https:\/\/www.salvaria.pt\/wp-content\/uploads\/2020\/04\/Moradia-Ericeira_21.jpg)\"><\/div>\n    \n    <div class=\"postGridContent\">\n      \n      \t\n      \n            \n      \t     <a href=\"https:\/\/www.salvaria.pt\/?p=268\" class=\"postGridButton\"><span  class=\"uc_style_square_post_grid_image_overlay_elementor_button_text\" >Ver Obra<\/span><\/a> \n      \t\n\n    <\/div>\n    \n  <\/div>\n<div class=\"postGridItem\">\n    <div class=\"postGridImageOverlay\" style=\"background-image:url(https:\/\/www.salvaria.pt\/wp-content\/uploads\/2020\/04\/Hotel-Valverde_3-1.jpg)\"><\/div>\n    \n    <div class=\"postGridContent\">\n      \n      \t\n      \n            \n      \t     <a href=\"https:\/\/www.salvaria.pt\/?p=262\" class=\"postGridButton\"><span  class=\"uc_style_square_post_grid_image_overlay_elementor_button_text\" >Ver Obra<\/span><\/a> \n      \t\n\n    <\/div>\n    \n  <\/div>\n<div class=\"postGridItem\">\n    <div class=\"postGridImageOverlay\" style=\"background-image:url(https:\/\/www.salvaria.pt\/wp-content\/uploads\/2020\/04\/Bar-Jardim-9-de-Abril_2.jpg)\"><\/div>\n    \n    <div class=\"postGridContent\">\n      \n      \t\n      \n            \n      \t     <a href=\"https:\/\/www.salvaria.pt\/?p=256\" class=\"postGridButton\"><span  class=\"uc_style_square_post_grid_image_overlay_elementor_button_text\" >Ver Obra<\/span><\/a> \n      \t\n\n    <\/div>\n    \n  <\/div>\n<div class=\"postGridItem\">\n    <div class=\"postGridImageOverlay\" style=\"background-image:url(https:\/\/www.salvaria.pt\/wp-content\/uploads\/2020\/04\/Apartamento-Palacio-Junqueira_1-1.jpg)\"><\/div>\n    \n    <div class=\"postGridContent\">\n      \n      \t\n      \n            \n      \t     <a href=\"https:\/\/www.salvaria.pt\/?p=226\" class=\"postGridButton\"><span  class=\"uc_style_square_post_grid_image_overlay_elementor_button_text\" >Ver Obra<\/span><\/a> \n      \t\n\n    <\/div>\n    \n  <\/div>\n<div class=\"postGridItem\">\n    <div class=\"postGridImageOverlay\" style=\"background-image:url(https:\/\/www.salvaria.pt\/wp-content\/uploads\/2020\/04\/Noronha-Jose_Adriao-13-1600x1280-1.jpg)\"><\/div>\n    \n    <div class=\"postGridContent\">\n      \n      \t\n      \n            \n      \t     <a href=\"https:\/\/www.salvaria.pt\/?p=595\" class=\"postGridButton\"><span  class=\"uc_style_square_post_grid_image_overlay_elementor_button_text\" >Ver Obra<\/span><\/a> \n      \t\n\n    <\/div>\n    \n  <\/div>\n<div class=\"postGridItem\">\n    <div class=\"postGridImageOverlay\" style=\"background-image:url(https:\/\/www.salvaria.pt\/wp-content\/uploads\/2020\/04\/Sapateiros-Jose_Adriao-03-1067x1600-1.jpg)\"><\/div>\n    \n    <div class=\"postGridContent\">\n      \n      \t\n      \n            \n      \t     <a href=\"https:\/\/www.salvaria.pt\/?p=580\" class=\"postGridButton\"><span  class=\"uc_style_square_post_grid_image_overlay_elementor_button_text\" >Ver Obra<\/span><\/a> \n      \t\n\n    <\/div>\n    \n  <\/div>\n<div class=\"postGridItem\">\n    <div class=\"postGridImageOverlay\" style=\"background-image:url(https:\/\/www.salvaria.pt\/wp-content\/uploads\/2020\/04\/120-18.jpg)\"><\/div>\n    \n    <div class=\"postGridContent\">\n      \n      \t\n      \n            \n      \t     <a href=\"https:\/\/www.salvaria.pt\/?p=564\" class=\"postGridButton\"><span  class=\"uc_style_square_post_grid_image_overlay_elementor_button_text\" >Ver Obra<\/span><\/a> \n      \t\n\n    <\/div>\n    \n  <\/div>\n<div class=\"postGridItem\">\n    <div class=\"postGridImageOverlay\" style=\"background-image:url(https:\/\/www.salvaria.pt\/wp-content\/uploads\/2020\/04\/P3160498-1.jpg)\"><\/div>\n    \n    <div class=\"postGridContent\">\n      \n      \t\n      \n            \n      \t     <a href=\"https:\/\/www.salvaria.pt\/?p=611\" class=\"postGridButton\"><span  class=\"uc_style_square_post_grid_image_overlay_elementor_button_text\" >Ver Obra<\/span><\/a> \n      \t\n\n    <\/div>\n    \n  <\/div>\n\n<\/div>\n\t\t\t<!-- end Square Post Grid Image Overlay -->\t\t<\/div>\n\t\t\t\t<\/div>\n\t\t\t\t\t\t<\/div>\n\t\t\t\t\t<\/div>\n\t\t<\/div>\n\t\t\t\t\t\t\t\t<\/div>\n\t\t\t\t\t<\/div>\n\t\t<\/section>\n\t\t\t\t\t\t<\/div>\n\t\t\t\t\t\t<\/div>\n\t\t\t\t\t<\/div>\n\t\t","protected":false},"excerpt":{"rendered":"<p>Previous Next Remodela\u00e7\u00e3o de apartamento, Lisboa Constru\u00e7\u00e3o: SALVARIA Projecto: GA-S2 Arquitectos | ga-s2.com Fotos: _ Ver Obra Ver Obra Ver Obra Ver Obra Ver Obra&hellip;<\/p>\n","protected":false},"author":1,"featured_media":484,"comment_status":"closed","ping_status":"closed","sticky":false,"template":"","format":"standard","meta":[],"categories":[1],"tags":[],"_links":{"self":[{"href":"https:\/\/www.salvaria.pt\/index.php?rest_route=\/wp\/v2\/posts\/556"}],"collection":[{"href":"https:\/\/www.salvaria.pt\/index.php?rest_route=\/wp\/v2\/posts"}],"about":[{"href":"https:\/\/www.salvaria.pt\/index.php?rest_route=\/wp\/v2\/types\/post"}],"author":[{"embeddable":true,"href":"https:\/\/www.salvaria.pt\/index.php?rest_route=\/wp\/v2\/users\/1"}],"replies":[{"embeddable":true,"href":"https:\/\/www.salvaria.pt\/index.php?rest_route=%2Fwp%2Fv2%2Fcomments&post=556"}],"version-history":[{"count":11,"href":"https:\/\/www.salvaria.pt\/index.php?rest_route=\/wp\/v2\/posts\/556\/revisions"}],"predecessor-version":[{"id":1550,"href":"https:\/\/www.salvaria.pt\/index.php?rest_route=\/wp\/v2\/posts\/556\/revisions\/1550"}],"wp:featuredmedia":[{"embeddable":true,"href":"https:\/\/www.salvaria.pt\/index.php?rest_route=\/wp\/v2\/media\/484"}],"wp:attachment":[{"href":"https:\/\/www.salvaria.pt\/index.php?rest_route=%2Fwp%2Fv2%2Fmedia&parent=556"}],"wp:term":[{"taxonomy":"category","embeddable":true,"href":"https:\/\/www.salvaria.pt\/index.php?rest_route=%2Fwp%2Fv2%2Fcategories&post=556"},{"taxonomy":"post_tag","embeddable":true,"href":"https:\/\/www.salvaria.pt\/index.php?rest_route=%2Fwp%2Fv2%2Ftags&post=556"}],"curies":[{"name":"wp","href":"https:\/\/api.w.org\/{rel}","templated":true}]}}